{"id":52,"date":"2007-05-16T23:49:20","date_gmt":"2007-05-16T20:49:20","guid":{"rendered":"http:\/\/start.tihai.md\/?p=52"},"modified":"2007-05-16T23:49:20","modified_gmt":"2007-05-16T20:49:20","slug":"identitatea-blogosferei-moldave","status":"publish","type":"post","link":"https:\/\/www.namashco.com\/blog\/2007\/05\/16\/identitatea-blogosferei-moldave\/","title":{"rendered":"Identitatea blogosferei moldave"},"content":{"rendered":"<p>\u00cen articolul dat ve\u0163i g\u0103si propunerea mea pentru identitatea blogosferei moldovene\u015fti. Am \u00eencercat s\u0103 descriu aproape tot procesul de creare a identit\u0103\u0163ii \u015fi s\u0103 motivez toate elementele grafice si verbale din ea.<!--more--> [<a href=\"http:\/\/www.culiuc.com\/archives\/2007\/05\/abm_branding.phtml\" alt=\"ABM Branding\" title=\"ABM Branding\">versiunile precedente<\/a>]<\/p>\n<h3>Sarcina<\/h3>\n<p>De creat identitatea verbal\u0103 \u015fi vizual\u0103 a blogosferei din Moldova.<br \/>\nCerin\u0163e fa\u0163\u0103 de identitate. Ea trebuie s\u0103 exprime: inova\u0163ie, viitor, informare, exprimare, comunicare, libertate, simplitate, blog, Moldova.<\/p>\n<h3>Identitatea verbal\u0103 <\/h3>\n<p>Este un fapt cunoscut c\u0103 \u00een Moldova practic to\u0163i iubesc s\u0103-\u015fi arate ingeniozitatea la un pahar de vin sau la un miez de r\u0103s\u0103rit\u0103. S\u0103 dea sfaturi \u015fi \u00een acela\u015fi timp s\u0103 urm\u0103reasc\u0103 pasiv evenimentele.<\/p>\n<p>Sarcina noastr\u0103 de baz\u0103 const\u0103 \u00een stimularea oamenilor s\u0103-\u015fi diversifice mediul de comunicare, informare \u015fi contribu\u0163ie. Prin procesul de stimulare se dore\u015fte de-a explica oamenilor importan\u0163a implic\u0103rii lor \u00een povestirea evenimentelor din jurul s\u0103u, schimbului de experien\u0163\u0103 personal\u0103 \u015fi profesional\u0103, nu numai cu cei  apropia\u0163i \u015fi dragi, dar \u015fi cu cei necunoscu\u0163i. Astfel, s-a ajuns la \u00eembinarea de cuvinte \u201e<strong>scrie \u015fi public\u0103<\/strong>\u201d.<\/p>\n<p>\u201e<strong>Scrie \u015fi public\u0103<\/strong>\u201d &#8211; aceast\u0103 \u00eembinare pe l\u00eeng\u0103 faptul c\u0103 reflect\u0103 un \u00eendemn, care cheam\u0103 oamenii de-a trece de la vorbe la fapte, explic\u0103 pe scurt procesul de blogging, care \u00eentr-adev\u0103r este unul foarte simplu \u015fi clar.<\/p>\n<h3>Identitatea vizual\u0103<\/h3>\n<p>Am pornit de la ideea c\u0103 trebuie s\u0103 reprezint o comunitate divers\u0103, cu participan\u0163i care activeaz\u0103 \u00een diferite domenii, dar interesele c\u0103rora se intersecteaz\u0103 prin blogging. Deci&#8230;<\/p>\n<p>Fiecare blog este o unitate, care reprezint\u0103 o persoan\u0103 ce abordeaz\u0103 diferite teme \u015fi probleme. Comunitatea \u00eens\u0103 const\u0103 din reuniunea acestor unit\u0103\u0163i neformale, care \u00een via\u0163a de zi de zi par a fi incompatibile. Astfel, am ajuns la ideea tetris-ului c\u00eend din buc\u0103\u0163i \u201eincompatibile\u201d trebuie s\u0103  construie\u015fti ceva. \u00cens\u0103, tetrisul este limitat de 3 pere\u0163i ceea ce nu prea \u00eemi convinea, pentru c\u0103 \u00een primul r\u00eend trebuia de promovat libertatea de exprimare \u015fi \u00een al doilea s\u0103 prezent o comunitate deschis\u0103, constructiv\u0103 \u015fi comunicativ\u0103, \u00een care oricine \u00ee\u015fi va g\u0103si locul.<\/p>\n<p>Comunitatea, despre care s-a vorbit mai sus, se formeaz\u0103 prin comunicare \u015fi \u00een cazul nostru datorit\u0103 fluxului de comentarii de pe bloguri.<\/p>\n<p>Ca urmare la ceea ce am scris \u015fi g\u00eendit anterior am ob\u0163inut urm\u0103torul logo:<br \/>\n<img decoding=\"async\" src=\"http:\/\/www.namashco.com\/blog\/post\/abm\/logo.gif\" alt=\"Logo\" align=\"middle\" \/><\/p>\n<p>Logo-ul finalizeaz\u0103 scopul sloganului &#8211;  scrie, public\u0103, comunic\u0103.<\/p>\n<h3>Sugestii de utilizare<\/h3>\n<p><a href=\"http:\/\/www.culiuc.com\/archives\/2007\/05\/abm_branding.phtml\" alt=\"ABM Branding\" title=\"ABM Branding\">Alexandru \u00een versiunea sa a propus un baner<\/a> 88&#215;31, unii din start au spus ca nu-l vor accepta, la fel \u015fi Alexandru a spus c\u0103 nu va accepta alt baner pe site dec\u00eet al lui. Sincer s\u0103 fiu mie tot nu imi plac banerele, de aceea propun o alt\u0103 solu\u0163ie, ca s\u0103 \u00eencadr\u0103m mai armonios acest logo(dac\u0103 va fi acceptat) pe bloguri propun o gam\u0103 divers\u0103 de culori \u015fi dimensiuni, astfel fiecare va decide pentru sine ce, cum \u015fi unde s\u0103 plaseze.<\/p>\n<p><center><img decoding=\"async\" src=\"http:\/\/www.namashco.com\/blog\/post\/abm\/logo_color.gif\" alt=\"Logo color\" \/><\/center><\/p>\n<p><strong>Noti\u0163\u0103:<\/strong> nu m\u0103 limitez numai la gama asta de culori \u015fi versiunea aceasta de buton.<\/p>\n<h4>Abreviere<\/h4>\n<p>Referitor la abrevierea <strong>bm<\/strong> din logo, am utilizat-o inten\u0163ionat pentru c\u0103 ea ne va permite s\u0103 utiliz\u0103m diferite combina\u0163ii de cuvinte pe materialele promo\u0163ionale, \u00een dependen\u0163\u0103 de necesitate. Combina\u0163ii posibile: \u201dBlogger din Moldova\u201d, \u201dBlog din Moldova\u201d, \u201dBlog moldovenesc\u201d, \u201dBlogging Moldova\u201d, etc.<\/p>\n<p><img decoding=\"async\" src=\"http:\/\/www.namashco.com\/blog\/post\/abm\/maiou_alb.gif\" alt=\"Maiou BM negru\" align=\"middle\" \/><\/p>\n<p><img decoding=\"async\" src=\"http:\/\/www.namashco.com\/blog\/post\/abm\/maiou_negru.gif\" alt=\"Maiou BM negru\" align=\"middle\"  \/><\/p>\n<p><strong>PS:<\/strong> Sper c\u0103 am scris \u015fi explicat clar, \u015fi c\u0103 ceea ce am f\u0103cut corespunde cerin\u0163elor \u015fi arat\u0103 bine;). S\u00eent binevenite orice sugestii tehnice. A\u015ftept opiniile&#8230;<\/p>\n<p><strong>Aten\u0163ie!<\/strong> Logoul cu codul respectiv va fi distribuit prin blogosfera.md, dup\u0103 ce (dac\u0103) va fi acceptat de grupul de ini\u0163iativ\u0103.<\/p>\n","protected":false},"excerpt":{"rendered":"<p>\u00cen articolul dat ve\u0163i g\u0103si propunerea mea pentru identitatea blogosferei moldovene\u015fti. Am \u00eencercat s\u0103 descriu aproape tot procesul de creare a identit\u0103\u0163ii \u015fi s\u0103 motivez toate elementele grafice si verbale din ea.<\/p>\n","protected":false},"author":2,"featured_media":0,"comment_status":"open","ping_status":"open","sticky":false,"template":"","format":"standard","meta":{"footnotes":""},"categories":[7,2],"tags":[],"class_list":["post-52","post","type-post","status-publish","format-standard","hentry","category-internet","category-tara-mea"],"_links":{"self":[{"href":"https:\/\/www.namashco.com\/blog\/wp-json\/wp\/v2\/posts\/52","targetHints":{"allow":["GET"]}}],"collection":[{"href":"https:\/\/www.namashco.com\/blog\/wp-json\/wp\/v2\/posts"}],"about":[{"href":"https:\/\/www.namashco.com\/blog\/wp-json\/wp\/v2\/types\/post"}],"author":[{"embeddable":true,"href":"https:\/\/www.namashco.com\/blog\/wp-json\/wp\/v2\/users\/2"}],"replies":[{"embeddable":true,"href":"https:\/\/www.namashco.com\/blog\/wp-json\/wp\/v2\/comments?post=52"}],"version-history":[{"count":0,"href":"https:\/\/www.namashco.com\/blog\/wp-json\/wp\/v2\/posts\/52\/revisions"}],"wp:attachment":[{"href":"https:\/\/www.namashco.com\/blog\/wp-json\/wp\/v2\/media?parent=52"}],"wp:term":[{"taxonomy":"category","embeddable":true,"href":"https:\/\/www.namashco.com\/blog\/wp-json\/wp\/v2\/categories?post=52"},{"taxonomy":"post_tag","embeddable":true,"href":"https:\/\/www.namashco.com\/blog\/wp-json\/wp\/v2\/tags?post=52"}],"curies":[{"name":"wp","href":"https:\/\/api.w.org\/{rel}","templated":true}]}}