{"id":402,"date":"2011-10-01T21:10:11","date_gmt":"2011-10-01T18:10:11","guid":{"rendered":"http:\/\/www.namashco.com\/blog\/?p=402"},"modified":"2011-10-01T21:10:11","modified_gmt":"2011-10-01T18:10:11","slug":"startup-weekend-moldova","status":"publish","type":"post","link":"https:\/\/www.namashco.com\/blog\/2011\/10\/01\/startup-weekend-moldova\/","title":{"rendered":"Startup Weekend Moldova"},"content":{"rendered":"<p><a href=\"https:\/\/twitter.com\/#!\/ionela2503\" title=\"Ionela pe Twitter\" target=\"_blank\">Ionela<\/a> este bravo. M\u0103 bucur c\u0103 ea are ini\u021biativ\u0103 \u0219i se str\u0103duie s\u0103 fac\u0103 lucruri interesante. De aceast\u0103 dat\u0103 Ionela aduce <a href=\"http:\/\/moldova.startupweekend.org\/\" title=\"Startup Weekend Moldova official page\" target=\"_blank\">Startup Weekend \u00een Moldova,<\/a> un alt eveniment de talie interna\u021bional\u0103 pentru antreprenori \u0219i geeks, sau antreprenori-geeks. Biletul este de $35, e mai pu\u021bin ca la <a href=\"http:\/\/www.namashco.com\/blog\/2011\/05\/30\/launch48-moldova\/\" title=\"Launch48 Moldova articol\" target=\"_blank\">Launch48 Moldova<\/a>. A\u0219a c\u0103 foc la ghete.<\/p>\n<p><a href=\"http:\/\/moldova.startupweekend.org\/\"><img decoding=\"async\" src=\"http:\/\/www.namashco.com\/blog\/wp-content\/uploads\/2011\/10\/SW_Logo_md_v4-07.png\" alt=\"Startup Weekend Moldova Logo\" title=\"SW_Logo_md_v4-07\" width=\"600\" class=\"aligncenter size-full wp-image-410\" srcset=\"https:\/\/www.namashco.com\/blog\/wp-content\/uploads\/2011\/10\/SW_Logo_md_v4-07.png 750w, https:\/\/www.namashco.com\/blog\/wp-content\/uploads\/2011\/10\/SW_Logo_md_v4-07-300x72.png 300w\" sizes=\"(max-width: 750px) 100vw, 750px\" \/><\/a><\/p>\n<p>Un sfat pentru cei care vor participa la eveniment, nu uita\u021bi de valoare ideilor voastre, <a href=\"http:\/\/www.namashco.com\/blog\/2011\/07\/13\/valoarea-ideilor-noastre\/\" title=\"Vezi video de la sf\u00eer\u0219itul articolului\" target=\"_blank\">asculta\u021bi ce zice Ian<\/a>. <\/p>\n","protected":false},"excerpt":{"rendered":"<p>Ionela este bravo. M\u0103 bucur c\u0103 ea are ini\u021biativ\u0103 \u0219i se str\u0103duie s\u0103 fac\u0103 lucruri interesante. De aceast\u0103 dat\u0103 Ionela aduce Startup Weekend \u00een Moldova, un alt eveniment de talie interna\u021bional\u0103 pentru antreprenori \u0219i geeks, sau antreprenori-geeks. Biletul este de $35, e mai pu\u021bin ca la Launch48 Moldova. A\u0219a c\u0103 foc la ghete. Un sfat [&hellip;]<\/p>\n","protected":false},"author":1,"featured_media":0,"comment_status":"open","ping_status":"open","sticky":false,"template":"","format":"standard","meta":{"footnotes":""},"categories":[7,2],"tags":[],"class_list":["post-402","post","type-post","status-publish","format-standard","hentry","category-internet","category-tara-mea"],"_links":{"self":[{"href":"https:\/\/www.namashco.com\/blog\/wp-json\/wp\/v2\/posts\/402","targetHints":{"allow":["GET"]}}],"collection":[{"href":"https:\/\/www.namashco.com\/blog\/wp-json\/wp\/v2\/posts"}],"about":[{"href":"https:\/\/www.namashco.com\/blog\/wp-json\/wp\/v2\/types\/post"}],"author":[{"embeddable":true,"href":"https:\/\/www.namashco.com\/blog\/wp-json\/wp\/v2\/users\/1"}],"replies":[{"embeddable":true,"href":"https:\/\/www.namashco.com\/blog\/wp-json\/wp\/v2\/comments?post=402"}],"version-history":[{"count":9,"href":"https:\/\/www.namashco.com\/blog\/wp-json\/wp\/v2\/posts\/402\/revisions"}],"predecessor-version":[{"id":414,"href":"https:\/\/www.namashco.com\/blog\/wp-json\/wp\/v2\/posts\/402\/revisions\/414"}],"wp:attachment":[{"href":"https:\/\/www.namashco.com\/blog\/wp-json\/wp\/v2\/media?parent=402"}],"wp:term":[{"taxonomy":"category","embeddable":true,"href":"https:\/\/www.namashco.com\/blog\/wp-json\/wp\/v2\/categories?post=402"},{"taxonomy":"post_tag","embeddable":true,"href":"https:\/\/www.namashco.com\/blog\/wp-json\/wp\/v2\/tags?post=402"}],"curies":[{"name":"wp","href":"https:\/\/api.w.org\/{rel}","templated":true}]}}