{"id":227,"date":"2011-05-03T14:13:28","date_gmt":"2011-05-03T11:13:28","guid":{"rendered":"http:\/\/start.tihai.md\/?p=227"},"modified":"2011-06-06T23:31:38","modified_gmt":"2011-06-06T20:31:38","slug":"un-alt-summit-ordinar","status":"publish","type":"post","link":"https:\/\/www.namashco.com\/blog\/2011\/05\/03\/un-alt-summit-ordinar\/","title":{"rendered":"Un alt summit ordinar"},"content":{"rendered":"<p>Avem pu\u021bine evenimente \u00een domeniul IT \u0219i e \u00eembucur\u0103tor c\u00eend se face ceva \u00een aceast\u0103 direc\u021bie. Evident c\u0103 ar fi bine s\u0103 avem mai multe &#8220;\u00eent\u00eempl\u0103ri&#8221; de genul <a href=\"http:\/\/incepem.blogosfera.md\/\">\u00eencepem<\/a>, clar targetate, calitative \u0219i s\u0103 apar\u0103 \u00een mod regulat :) Dar p\u00een\u0103 apar lucruri &#8220;neobi\u0219nuite&#8221; ne mul\u021bumim cu ceea ce este.<!--more--><\/p>\n<p>\u00cen acest an avem <a href=\"http:\/\/moldovaictsummit.md\/\">Moldova ICT Summit<\/a>. Eu nu am fost prezent la summitul de anul trecut, dar am g\u0103sit <a href=\"http:\/\/www.debian.md\/moldova_ict_summit_2010.html\">subiectele discursurilor \u0219i prezent\u0103rile participan\u021bilor<\/a> de la acea edi\u021bie. Nu am r\u0103mas impresionat, respectiv nu e de mirare de ce nu am nimerit acolo.<\/p>\n<p>Organizatorii \u00een edi\u021bia curent\u0103 revin cu \u00eembun\u0103t\u0103\u021biri considerabile, au ad\u0103ugat trei module noi: e-Transformation &#038; ICT Competitiveness, IT entrepreneurship, IT4Transparency.<\/p>\n<p>Eu evident m-am \u00eenscris la modulul IT entrepreneurship, pentru c\u0103 respir de ceva ani cu acest aer. Am s\u0103 povestesc \u00een c\u00eeteva cuvinte despre lineup-ul acestuia, care m-a surprins u\u0219or, pl\u0103cut.<\/p>\n<p><a href=\"http:\/\/www.ghenea.ro\/\">Marius Ghenea<\/a> este un antreprenor de succes \u0219i mult stimat \u00een mediul antreprenorial rom\u00e2n. Am urm\u0103rit online mai multe discursuri de ale lui. Acest om are viziune. A lansat \u0219i o carte recent &mdash; Antreprenoriat. Mai multe detalii despre activitatea sa profesional\u0103 g\u0103si\u021bi <a href=\"http:\/\/www.ghenea.ro\/curriculum-vitae\/\">la el pe blog<\/a>.<\/p>\n<p>Vlad Stan e Business Designer, a\u0219a \u00ee\u0219i zice \u00een ultima vreme. Este acel om care a pus bazele <a href=\"http:\/\/bucharesthubb.com\/\">Bucharest Hubb<\/a> \u0219i a reu\u0219it s\u0103 construiasc\u0103 \u00een jurul acestuia o comunitate. La <a href=\"http:\/\/bucharesthubb.com\/\">Bucharest Hubb<\/a> se \u021bin evenimente ce inspir\u0103 \u0219i dezvolt\u0103 spiritul antreprenorial al rom\u00e2nilor. La fel st\u0103 \u00een spatele <a href=\"http:\/\/www.seedmoney.ro\/\">SeedMoney<\/a>, o companie prin intermediul c\u0103reia se fac investi\u021bii de &euro;10k-&euro;50k, lista proiectelor \u00een care au investit o g\u0103si\u021bi pe site-ul respectiv. \u0218i nu \u00een ultimul r\u00eend, mai \u021bine \u0219i un video blog <a href=\"http:\/\/video.vladstan.com\/\">Inspiring Videos<\/a>.<\/p>\n<p>Organizatorii la fel ne promit o videoconferin\u021b\u0103 cu Ian Broom care e fondatorul <a href=\"http:\/\/launch48.com\/\">Launch48<\/a>, un incubator de proiecte lansate \u00eentr-un weekend.<\/p>\n<p>Mai sunt lucruri de men\u021bionat \u0219i se pare c\u0103 o s\u0103 fie interesant(aici g\u0103si\u021bi <a href=\"http:\/\/moldovaictsummit.md\/index.php\/en\/it-entrepreneurship-main\">programul complet pentru IT entrepreneurship<\/a>), dar totul depinde de formatul conferin\u021bei \u0219i capacitate de deschidere a organizatorilor.<\/p>\n<h4>Participarea la conferin\u021b\u0103<\/h4>\n<p>M-am \u00eenregistrat la eveniment acum o s\u0103pt\u0103m\u00een\u0103, se pare c\u0103 accesul e gratuit. Dar selec\u021bia se face pentru \u201cochi frumo\u0219i\u201d din c\u00eete am \u00een\u021beles din <a href=\"https:\/\/www.facebook.com\/Pionerul\/posts\/105355686219575\">r\u0103spunsul organizatorilor la \u00eentrebarea mea<\/a>. Oricum merit\u0103 s\u0103 v\u0103 \u00eenregistra\u021bi poate ave\u021bi noroc \u0219i participa\u021bi.<\/p>\n<p><em>P.S. Moldova ICT Summit &mdash; mam\u0103&#8217;drag\u0103 ce denumire lung\u0103 \u0219i generic\u0103&#8230;<\/em><\/p>\n","protected":false},"excerpt":{"rendered":"<p>Avem pu\u021bine evenimente \u00een domeniul IT \u0219i e \u00eembucur\u0103tor c\u00eend se face ceva \u00een aceast\u0103 direc\u021bie. Evident c\u0103 ar fi bine s\u0103 avem mai multe &#8220;\u00eent\u00eempl\u0103ri&#8221; de genul \u00eencepem, clar targetate, calitative \u0219i s\u0103 apar\u0103 \u00een mod regulat :) Dar p\u00een\u0103 apar lucruri &#8220;neobi\u0219nuite&#8221; ne mul\u021bumim cu ceea ce este.<\/p>\n","protected":false},"author":2,"featured_media":0,"comment_status":"open","ping_status":"open","sticky":false,"template":"","format":"standard","meta":{"footnotes":""},"categories":[7],"tags":[63,72,114],"class_list":["post-227","post","type-post","status-publish","format-standard","hentry","category-internet","tag-antreprenoriat","tag-conferina","tag-summit"],"_links":{"self":[{"href":"https:\/\/www.namashco.com\/blog\/wp-json\/wp\/v2\/posts\/227","targetHints":{"allow":["GET"]}}],"collection":[{"href":"https:\/\/www.namashco.com\/blog\/wp-json\/wp\/v2\/posts"}],"about":[{"href":"https:\/\/www.namashco.com\/blog\/wp-json\/wp\/v2\/types\/post"}],"author":[{"embeddable":true,"href":"https:\/\/www.namashco.com\/blog\/wp-json\/wp\/v2\/users\/2"}],"replies":[{"embeddable":true,"href":"https:\/\/www.namashco.com\/blog\/wp-json\/wp\/v2\/comments?post=227"}],"version-history":[{"count":3,"href":"https:\/\/www.namashco.com\/blog\/wp-json\/wp\/v2\/posts\/227\/revisions"}],"predecessor-version":[{"id":333,"href":"https:\/\/www.namashco.com\/blog\/wp-json\/wp\/v2\/posts\/227\/revisions\/333"}],"wp:attachment":[{"href":"https:\/\/www.namashco.com\/blog\/wp-json\/wp\/v2\/media?parent=227"}],"wp:term":[{"taxonomy":"category","embeddable":true,"href":"https:\/\/www.namashco.com\/blog\/wp-json\/wp\/v2\/categories?post=227"},{"taxonomy":"post_tag","embeddable":true,"href":"https:\/\/www.namashco.com\/blog\/wp-json\/wp\/v2\/tags?post=227"}],"curies":[{"name":"wp","href":"https:\/\/api.w.org\/{rel}","templated":true}]}}