{"id":215,"date":"2010-06-23T22:02:18","date_gmt":"2010-06-23T19:02:18","guid":{"rendered":"http:\/\/start.tihai.md\/?p=215"},"modified":"2011-06-06T23:30:09","modified_gmt":"2011-06-06T20:30:09","slug":"social-inovation-camp-moldova-2010","status":"publish","type":"post","link":"https:\/\/www.namashco.com\/blog\/2010\/06\/23\/social-inovation-camp-moldova-2010\/","title":{"rendered":"Social Inovation Camp Moldova 2010"},"content":{"rendered":"<p>M\u0103 bucur s\u0103 v\u0103 anun\u0163 c\u0103 lucurile se mai mi\u015fc\u0103 pe la noi. La \u00eenceputul lui august va \u00eencepe un proiect destinat inova\u0163iei \u015fi activismului social &mdash; <a href=\"http:\/\/sicamp.md\/\" title=\"Sicamp Moldova site oficial\">Sicamp Moldova 2010<\/a>. Omene\u015fte vorbind, se dore\u015fte de a organiza tinerii activi, care pricep \u015fi au experien\u0163\u0103 \u00een IT, marketing, advertising, design, business, etc., sub un acoperi\u015f pentru c\u00eeteva zile. Scopul fiind realizarea unor proiecte ce rezolv\u0103 probleme sociale cu ajutorul web&ndash;based inova\u0163iilor.<\/p>\n<p><a href=\"http:\/\/sicamp.md\/\" title=\"Sicamp Moldova site oficial\">Sicamp Moldova<\/a> este o replic\u0103 local\u0103 la <a href=\"http:\/\/sicamp.org\/\" title=\"Sicamp site oficial\">Sicamp<\/a>.  Cu ce se m\u00een\u0103nc\u0103 Sicamp pute\u0163i citi <a href=\"http:\/\/www.sicamp.org\/?page_id=161\">aici<\/a>, asta p\u00een\u0103 b\u0103ie\u0163ii ridic\u0103 site-ul \u015fi posteaz\u0103 restul con\u0163inutului.<\/p>\n<p>\u00centre timp v\u0103 propun s\u0103 v\u0103 \u00eenregistra\u0163i <a href=\"http:\/\/sicamp.md\/participa.html\">participarea<\/a> \u015fi <a href=\"http:\/\/sicamp.md\/trimite-idei.html\">ideile<\/a> la concurs. Baft\u0103!<\/p>\n<p><em>Revin cu detalii pe parcurs.<\/em><\/p>\n","protected":false},"excerpt":{"rendered":"<p>M\u0103 bucur s\u0103 v\u0103 anun\u0163 c\u0103 lucurile se mai mi\u015fc\u0103 pe la noi. La \u00eenceputul lui august va \u00eencepe un proiect destinat inova\u0163iei \u015fi activismului social &mdash; Sicamp Moldova 2010. Omene\u015fte vorbind, se dore\u015fte de a organiza tinerii activi, care pricep \u015fi au experien\u0163\u0103 \u00een IT, marketing, advertising, design, business, etc., sub un acoperi\u015f pentru [&hellip;]<\/p>\n","protected":false},"author":2,"featured_media":0,"comment_status":"open","ping_status":"open","sticky":false,"template":"","format":"standard","meta":{"footnotes":""},"categories":[7],"tags":[106,110,111],"class_list":["post-215","post","type-post","status-publish","format-standard","hentry","category-internet","tag-sicamp","tag-social-inovation-camp","tag-startup"],"_links":{"self":[{"href":"https:\/\/www.namashco.com\/blog\/wp-json\/wp\/v2\/posts\/215","targetHints":{"allow":["GET"]}}],"collection":[{"href":"https:\/\/www.namashco.com\/blog\/wp-json\/wp\/v2\/posts"}],"about":[{"href":"https:\/\/www.namashco.com\/blog\/wp-json\/wp\/v2\/types\/post"}],"author":[{"embeddable":true,"href":"https:\/\/www.namashco.com\/blog\/wp-json\/wp\/v2\/users\/2"}],"replies":[{"embeddable":true,"href":"https:\/\/www.namashco.com\/blog\/wp-json\/wp\/v2\/comments?post=215"}],"version-history":[{"count":2,"href":"https:\/\/www.namashco.com\/blog\/wp-json\/wp\/v2\/posts\/215\/revisions"}],"predecessor-version":[{"id":327,"href":"https:\/\/www.namashco.com\/blog\/wp-json\/wp\/v2\/posts\/215\/revisions\/327"}],"wp:attachment":[{"href":"https:\/\/www.namashco.com\/blog\/wp-json\/wp\/v2\/media?parent=215"}],"wp:term":[{"taxonomy":"category","embeddable":true,"href":"https:\/\/www.namashco.com\/blog\/wp-json\/wp\/v2\/categories?post=215"},{"taxonomy":"post_tag","embeddable":true,"href":"https:\/\/www.namashco.com\/blog\/wp-json\/wp\/v2\/tags?post=215"}],"curies":[{"name":"wp","href":"https:\/\/api.w.org\/{rel}","templated":true}]}}